{"id":342,"date":"2022-12-03T18:07:00","date_gmt":"2022-12-03T18:07:00","guid":{"rendered":"https:\/\/transportesortega.com\/2022\/12\/03\/une-celebration-attendue-depuis-longtemps\/"},"modified":"2025-03-28T09:50:07","modified_gmt":"2025-03-28T09:50:07","slug":"une-celebration-attendue-depuis-longtemps","status":"publish","type":"post","link":"https:\/\/transportesortega.com\/fr\/2022\/12\/03\/une-celebration-attendue-depuis-longtemps\/","title":{"rendered":"Une c\u00e9l\u00e9bration attendue depuis longtemps"},"content":{"rendered":"\n<p>Le 65e anniversaire de Transportes Ortega a \u00e9t\u00e9 c\u00e9l\u00e9br\u00e9 le 3 d\u00e9cembre. En fait, l&rsquo;\u00e9v\u00e9nement aurait d\u00fb avoir lieu l&rsquo;ann\u00e9e derni\u00e8re, mais les restrictions sanitaires impos\u00e9es par la pand\u00e9mie de COVID-19 l&rsquo;ont emp\u00each\u00e9, d&rsquo;o\u00f9 le titre \u00ab\u00a065+1 Anniversary of Transportes Ortega\u00a0\u00bb (65+1 anniversaire de Transportes Ortega). <\/p>\n\n<figure class=\"wp-block-image size-large\"><img loading=\"lazy\" decoding=\"async\" width=\"1024\" height=\"697\" src=\"https:\/\/transportesortega.com\/wp-content\/uploads\/2025\/03\/imagen_2023-07-21_131151645-1024x697.webp\" alt=\"\" class=\"wp-image-187\" srcset=\"https:\/\/transportesortega.com\/wp-content\/uploads\/2025\/03\/imagen_2023-07-21_131151645-1024x697.webp 1024w, https:\/\/transportesortega.com\/wp-content\/uploads\/2025\/03\/imagen_2023-07-21_131151645-300x204.webp 300w, https:\/\/transportesortega.com\/wp-content\/uploads\/2025\/03\/imagen_2023-07-21_131151645-768x523.webp 768w, https:\/\/transportesortega.com\/wp-content\/uploads\/2025\/03\/imagen_2023-07-21_131151645.webp 1040w\" sizes=\"auto, (max-width: 1024px) 100vw, 1024px\" \/><\/figure>\n\n<p>L&rsquo;\u00e9v\u00e9nement s&rsquo;est d\u00e9roul\u00e9 dans le b\u00e2timent \u00ab\u00a0Veles e Vents\u00a0\u00bb du port de Valence. Tous les travailleurs ont assist\u00e9 \u00e0 l&rsquo;\u00e9v\u00e9nement avec leurs partenaires respectifs, lors d&rsquo;une journ\u00e9e \u00ab\u00a0\u00e0 la fois solennelle et \u00e9mouvante\u00a0\u00bb, comme le reconna\u00eet Juan Ortega lui-m\u00eame. La r\u00e9ception a \u00e9t\u00e9 suivie d&rsquo;un repas fraternel \u00e0 l&rsquo;int\u00e9rieur. Au cours du dessert, Juan Ortega a adress\u00e9 quelques mots de remerciement pour tous les efforts accomplis au fil des ans \u00e0 tous les travailleurs, et en particulier aux chauffeurs qui ont d\u00fb affronter le COVID-19 en premi\u00e8re ligne.   <\/p>\n\n<p>L&rsquo;un des moments les plus \u00e9mouvants a \u00e9t\u00e9 la reconnaissance et les remerciements adress\u00e9s \u00e0 quatre travailleurs qui ont f\u00eat\u00e9 cette ann\u00e9e leurs 25 ans dans l&rsquo;entreprise. La finale a \u00e9t\u00e9 marqu\u00e9e par une prestation musicale des chanteuses Josephine Sweet et Liz Das. <\/p>\n","protected":false},"excerpt":{"rendered":"<p>Le 65e anniversaire de Transportes Ortega a \u00e9t\u00e9 c\u00e9l\u00e9br\u00e9 le 3 d\u00e9cembre. En fait, l&rsquo;\u00e9v\u00e9nement aurait d\u00fb avoir lieu l&rsquo;ann\u00e9e [&hellip;]<\/p>\n","protected":false},"author":3,"featured_media":319,"comment_status":"closed","ping_status":"open","sticky":false,"template":"","format":"standard","meta":{"_uag_custom_page_level_css":"","site-sidebar-layout":"default","site-content-layout":"","ast-site-content-layout":"default","site-content-style":"default","site-sidebar-style":"default","ast-global-header-display":"","ast-banner-title-visibility":"","ast-main-header-display":"","ast-hfb-above-header-display":"","ast-hfb-below-header-display":"","ast-hfb-mobile-header-display":"","site-post-title":"","ast-breadcrumbs-content":"","ast-featured-img":"","footer-sml-layout":"","ast-disable-related-posts":"","theme-transparent-header-meta":"","adv-header-id-meta":"","stick-header-meta":"","header-above-stick-meta":"","header-main-stick-meta":"","header-below-stick-meta":"","astra-migrate-meta-layouts":"default","ast-page-background-enabled":"default","ast-page-background-meta":{"desktop":{"background-color":"var(--ast-global-color-4)","background-image":"","background-repeat":"repeat","background-position":"center center","background-size":"auto","background-attachment":"scroll","background-type":"","background-media":"","overlay-type":"","overlay-color":"","overlay-opacity":"","overlay-gradient":""},"tablet":{"background-color":"","background-image":"","background-repeat":"repeat","background-position":"center center","background-size":"auto","background-attachment":"scroll","background-type":"","background-media":"","overlay-type":"","overlay-color":"","overlay-opacity":"","overlay-gradient":""},"mobile":{"background-color":"","background-image":"","background-repeat":"repeat","background-position":"center center","background-size":"auto","background-attachment":"scroll","background-type":"","background-media":"","overlay-type":"","overlay-color":"","overlay-opacity":"","overlay-gradient":""}},"ast-content-background-meta":{"desktop":{"background-color":"var(--ast-global-color-5)","background-image":"","background-repeat":"repeat","background-position":"center center","background-size":"auto","background-attachment":"scroll","background-type":"","background-media":"","overlay-type":"","overlay-color":"","overlay-opacity":"","overlay-gradient":""},"tablet":{"background-color":"var(--ast-global-color-5)","background-image":"","background-repeat":"repeat","background-position":"center center","background-size":"auto","background-attachment":"scroll","background-type":"","background-media":"","overlay-type":"","overlay-color":"","overlay-opacity":"","overlay-gradient":""},"mobile":{"background-color":"var(--ast-global-color-5)","background-image":"","background-repeat":"repeat","background-position":"center center","background-size":"auto","background-attachment":"scroll","background-type":"","background-media":"","overlay-type":"","overlay-color":"","overlay-opacity":"","overlay-gradient":""}},"footnotes":""},"categories":[7],"tags":[],"class_list":["post-342","post","type-post","status-publish","format-standard","has-post-thumbnail","hentry","category-non-categorise"],"yoast_head":"<!-- This site is optimized with the Yoast SEO plugin v27.5 - https:\/\/yoast.com\/product\/yoast-seo-wordpress\/ -->\n<title>Une c\u00e9l\u00e9bration attendue depuis longtemps - Transportes Ortega<\/title>\n<meta name=\"robots\" content=\"index, follow, max-snippet:-1, max-image-preview:large, max-video-preview:-1\" \/>\n<link rel=\"canonical\" href=\"https:\/\/transportesortega.com\/fr\/2022\/12\/03\/une-celebration-attendue-depuis-longtemps\/\" \/>\n<meta property=\"og:locale\" content=\"fr_FR\" \/>\n<meta property=\"og:type\" content=\"article\" \/>\n<meta property=\"og:title\" content=\"Une c\u00e9l\u00e9bration attendue depuis longtemps - Transportes Ortega\" \/>\n<meta property=\"og:description\" content=\"Le 65e anniversaire de Transportes Ortega a \u00e9t\u00e9 c\u00e9l\u00e9br\u00e9 le 3 d\u00e9cembre. En fait, l&rsquo;\u00e9v\u00e9nement aurait d\u00fb avoir lieu l&rsquo;ann\u00e9e [&hellip;]\" \/>\n<meta property=\"og:url\" content=\"https:\/\/transportesortega.com\/fr\/2022\/12\/03\/une-celebration-attendue-depuis-longtemps\/\" \/>\n<meta property=\"og:site_name\" content=\"Transportes Ortega\" \/>\n<meta property=\"article:published_time\" content=\"2022-12-03T18:07:00+00:00\" \/>\n<meta property=\"article:modified_time\" content=\"2025-03-28T09:50:07+00:00\" \/>\n<meta property=\"og:image\" content=\"https:\/\/transportesortega.com\/wp-content\/uploads\/2025\/03\/imagen_2023-07-21_131151645.webp\" \/>\n\t<meta property=\"og:image:width\" content=\"1040\" \/>\n\t<meta property=\"og:image:height\" content=\"708\" \/>\n\t<meta property=\"og:image:type\" content=\"image\/webp\" \/>\n<meta name=\"author\" content=\"transportesortega\" \/>\n<meta name=\"twitter:card\" content=\"summary_large_image\" \/>\n<meta name=\"twitter:label1\" content=\"\u00c9crit par\" \/>\n\t<meta name=\"twitter:data1\" content=\"transportesortega\" \/>\n\t<meta name=\"twitter:label2\" content=\"Dur\u00e9e de lecture estim\u00e9e\" \/>\n\t<meta name=\"twitter:data2\" content=\"1 minute\" \/>\n<script type=\"application\/ld+json\" class=\"yoast-schema-graph\">{\"@context\":\"https:\\\/\\\/schema.org\",\"@graph\":[{\"@type\":\"Article\",\"@id\":\"https:\\\/\\\/transportesortega.com\\\/fr\\\/2022\\\/12\\\/03\\\/une-celebration-attendue-depuis-longtemps\\\/#article\",\"isPartOf\":{\"@id\":\"https:\\\/\\\/transportesortega.com\\\/fr\\\/2022\\\/12\\\/03\\\/une-celebration-attendue-depuis-longtemps\\\/\"},\"author\":{\"name\":\"transportesortega\",\"@id\":\"https:\\\/\\\/transportesortega.com\\\/fr\\\/#\\\/schema\\\/person\\\/3ac34a97a9d522af29ff42f078ce0440\"},\"headline\":\"Une c\u00e9l\u00e9bration attendue depuis longtemps\",\"datePublished\":\"2022-12-03T18:07:00+00:00\",\"dateModified\":\"2025-03-28T09:50:07+00:00\",\"mainEntityOfPage\":{\"@id\":\"https:\\\/\\\/transportesortega.com\\\/fr\\\/2022\\\/12\\\/03\\\/une-celebration-attendue-depuis-longtemps\\\/\"},\"wordCount\":210,\"publisher\":{\"@id\":\"https:\\\/\\\/transportesortega.com\\\/fr\\\/#organization\"},\"image\":{\"@id\":\"https:\\\/\\\/transportesortega.com\\\/fr\\\/2022\\\/12\\\/03\\\/une-celebration-attendue-depuis-longtemps\\\/#primaryimage\"},\"thumbnailUrl\":\"https:\\\/\\\/transportesortega.com\\\/wp-content\\\/uploads\\\/2025\\\/03\\\/imagen_2023-07-21_131151645.webp\",\"articleSection\":[\"Non cat\u00e9goris\u00e9\"],\"inLanguage\":\"fr-FR\"},{\"@type\":\"WebPage\",\"@id\":\"https:\\\/\\\/transportesortega.com\\\/fr\\\/2022\\\/12\\\/03\\\/une-celebration-attendue-depuis-longtemps\\\/\",\"url\":\"https:\\\/\\\/transportesortega.com\\\/fr\\\/2022\\\/12\\\/03\\\/une-celebration-attendue-depuis-longtemps\\\/\",\"name\":\"Une c\u00e9l\u00e9bration attendue depuis longtemps - Transportes Ortega\",\"isPartOf\":{\"@id\":\"https:\\\/\\\/transportesortega.com\\\/fr\\\/#website\"},\"primaryImageOfPage\":{\"@id\":\"https:\\\/\\\/transportesortega.com\\\/fr\\\/2022\\\/12\\\/03\\\/une-celebration-attendue-depuis-longtemps\\\/#primaryimage\"},\"image\":{\"@id\":\"https:\\\/\\\/transportesortega.com\\\/fr\\\/2022\\\/12\\\/03\\\/une-celebration-attendue-depuis-longtemps\\\/#primaryimage\"},\"thumbnailUrl\":\"https:\\\/\\\/transportesortega.com\\\/wp-content\\\/uploads\\\/2025\\\/03\\\/imagen_2023-07-21_131151645.webp\",\"datePublished\":\"2022-12-03T18:07:00+00:00\",\"dateModified\":\"2025-03-28T09:50:07+00:00\",\"breadcrumb\":{\"@id\":\"https:\\\/\\\/transportesortega.com\\\/fr\\\/2022\\\/12\\\/03\\\/une-celebration-attendue-depuis-longtemps\\\/#breadcrumb\"},\"inLanguage\":\"fr-FR\",\"potentialAction\":[{\"@type\":\"ReadAction\",\"target\":[\"https:\\\/\\\/transportesortega.com\\\/fr\\\/2022\\\/12\\\/03\\\/une-celebration-attendue-depuis-longtemps\\\/\"]}]},{\"@type\":\"ImageObject\",\"inLanguage\":\"fr-FR\",\"@id\":\"https:\\\/\\\/transportesortega.com\\\/fr\\\/2022\\\/12\\\/03\\\/une-celebration-attendue-depuis-longtemps\\\/#primaryimage\",\"url\":\"https:\\\/\\\/transportesortega.com\\\/wp-content\\\/uploads\\\/2025\\\/03\\\/imagen_2023-07-21_131151645.webp\",\"contentUrl\":\"https:\\\/\\\/transportesortega.com\\\/wp-content\\\/uploads\\\/2025\\\/03\\\/imagen_2023-07-21_131151645.webp\",\"width\":1040,\"height\":708},{\"@type\":\"BreadcrumbList\",\"@id\":\"https:\\\/\\\/transportesortega.com\\\/fr\\\/2022\\\/12\\\/03\\\/une-celebration-attendue-depuis-longtemps\\\/#breadcrumb\",\"itemListElement\":[{\"@type\":\"ListItem\",\"position\":1,\"name\":\"Portada\",\"item\":\"https:\\\/\\\/transportesortega.com\\\/fr\\\/\"},{\"@type\":\"ListItem\",\"position\":2,\"name\":\"Une c\u00e9l\u00e9bration attendue depuis longtemps\"}]},{\"@type\":\"WebSite\",\"@id\":\"https:\\\/\\\/transportesortega.com\\\/fr\\\/#website\",\"url\":\"https:\\\/\\\/transportesortega.com\\\/fr\\\/\",\"name\":\"Transportes Ortega\",\"description\":\"Soluciones al transporte por carretera\",\"publisher\":{\"@id\":\"https:\\\/\\\/transportesortega.com\\\/fr\\\/#organization\"},\"potentialAction\":[{\"@type\":\"SearchAction\",\"target\":{\"@type\":\"EntryPoint\",\"urlTemplate\":\"https:\\\/\\\/transportesortega.com\\\/fr\\\/?s={search_term_string}\"},\"query-input\":{\"@type\":\"PropertyValueSpecification\",\"valueRequired\":true,\"valueName\":\"search_term_string\"}}],\"inLanguage\":\"fr-FR\"},{\"@type\":\"Organization\",\"@id\":\"https:\\\/\\\/transportesortega.com\\\/fr\\\/#organization\",\"name\":\"Transportes Ortega\",\"url\":\"https:\\\/\\\/transportesortega.com\\\/fr\\\/\",\"logo\":{\"@type\":\"ImageObject\",\"inLanguage\":\"fr-FR\",\"@id\":\"https:\\\/\\\/transportesortega.com\\\/fr\\\/#\\\/schema\\\/logo\\\/image\\\/\",\"url\":\"https:\\\/\\\/transportesortega.com\\\/wp-content\\\/uploads\\\/2025\\\/03\\\/ortega-logo-footer.svg\",\"contentUrl\":\"https:\\\/\\\/transportesortega.com\\\/wp-content\\\/uploads\\\/2025\\\/03\\\/ortega-logo-footer.svg\",\"width\":1667,\"height\":279,\"caption\":\"Transportes Ortega\"},\"image\":{\"@id\":\"https:\\\/\\\/transportesortega.com\\\/fr\\\/#\\\/schema\\\/logo\\\/image\\\/\"}},{\"@type\":\"Person\",\"@id\":\"https:\\\/\\\/transportesortega.com\\\/fr\\\/#\\\/schema\\\/person\\\/3ac34a97a9d522af29ff42f078ce0440\",\"name\":\"transportesortega\",\"image\":{\"@type\":\"ImageObject\",\"inLanguage\":\"fr-FR\",\"@id\":\"https:\\\/\\\/secure.gravatar.com\\\/avatar\\\/d725e43cd527a545bd6ca2fc44a344f1ef4311460969029806b72f7a3edea7bf?s=96&d=mm&r=g\",\"url\":\"https:\\\/\\\/secure.gravatar.com\\\/avatar\\\/d725e43cd527a545bd6ca2fc44a344f1ef4311460969029806b72f7a3edea7bf?s=96&d=mm&r=g\",\"contentUrl\":\"https:\\\/\\\/secure.gravatar.com\\\/avatar\\\/d725e43cd527a545bd6ca2fc44a344f1ef4311460969029806b72f7a3edea7bf?s=96&d=mm&r=g\",\"caption\":\"transportesortega\"},\"url\":\"https:\\\/\\\/transportesortega.com\\\/fr\\\/author\\\/transportesortega\\\/\"}]}<\/script>\n<!-- \/ Yoast SEO plugin. -->","yoast_head_json":{"title":"Une c\u00e9l\u00e9bration attendue depuis longtemps - Transportes Ortega","robots":{"index":"index","follow":"follow","max-snippet":"max-snippet:-1","max-image-preview":"max-image-preview:large","max-video-preview":"max-video-preview:-1"},"canonical":"https:\/\/transportesortega.com\/fr\/2022\/12\/03\/une-celebration-attendue-depuis-longtemps\/","og_locale":"fr_FR","og_type":"article","og_title":"Une c\u00e9l\u00e9bration attendue depuis longtemps - Transportes Ortega","og_description":"Le 65e anniversaire de Transportes Ortega a \u00e9t\u00e9 c\u00e9l\u00e9br\u00e9 le 3 d\u00e9cembre. En fait, l&rsquo;\u00e9v\u00e9nement aurait d\u00fb avoir lieu l&rsquo;ann\u00e9e [&hellip;]","og_url":"https:\/\/transportesortega.com\/fr\/2022\/12\/03\/une-celebration-attendue-depuis-longtemps\/","og_site_name":"Transportes Ortega","article_published_time":"2022-12-03T18:07:00+00:00","article_modified_time":"2025-03-28T09:50:07+00:00","og_image":[{"width":1040,"height":708,"url":"https:\/\/transportesortega.com\/wp-content\/uploads\/2025\/03\/imagen_2023-07-21_131151645.webp","type":"image\/webp"}],"author":"transportesortega","twitter_card":"summary_large_image","twitter_misc":{"\u00c9crit par":"transportesortega","Dur\u00e9e de lecture estim\u00e9e":"1 minute"},"schema":{"@context":"https:\/\/schema.org","@graph":[{"@type":"Article","@id":"https:\/\/transportesortega.com\/fr\/2022\/12\/03\/une-celebration-attendue-depuis-longtemps\/#article","isPartOf":{"@id":"https:\/\/transportesortega.com\/fr\/2022\/12\/03\/une-celebration-attendue-depuis-longtemps\/"},"author":{"name":"transportesortega","@id":"https:\/\/transportesortega.com\/fr\/#\/schema\/person\/3ac34a97a9d522af29ff42f078ce0440"},"headline":"Une c\u00e9l\u00e9bration attendue depuis longtemps","datePublished":"2022-12-03T18:07:00+00:00","dateModified":"2025-03-28T09:50:07+00:00","mainEntityOfPage":{"@id":"https:\/\/transportesortega.com\/fr\/2022\/12\/03\/une-celebration-attendue-depuis-longtemps\/"},"wordCount":210,"publisher":{"@id":"https:\/\/transportesortega.com\/fr\/#organization"},"image":{"@id":"https:\/\/transportesortega.com\/fr\/2022\/12\/03\/une-celebration-attendue-depuis-longtemps\/#primaryimage"},"thumbnailUrl":"https:\/\/transportesortega.com\/wp-content\/uploads\/2025\/03\/imagen_2023-07-21_131151645.webp","articleSection":["Non cat\u00e9goris\u00e9"],"inLanguage":"fr-FR"},{"@type":"WebPage","@id":"https:\/\/transportesortega.com\/fr\/2022\/12\/03\/une-celebration-attendue-depuis-longtemps\/","url":"https:\/\/transportesortega.com\/fr\/2022\/12\/03\/une-celebration-attendue-depuis-longtemps\/","name":"Une c\u00e9l\u00e9bration attendue depuis longtemps - Transportes Ortega","isPartOf":{"@id":"https:\/\/transportesortega.com\/fr\/#website"},"primaryImageOfPage":{"@id":"https:\/\/transportesortega.com\/fr\/2022\/12\/03\/une-celebration-attendue-depuis-longtemps\/#primaryimage"},"image":{"@id":"https:\/\/transportesortega.com\/fr\/2022\/12\/03\/une-celebration-attendue-depuis-longtemps\/#primaryimage"},"thumbnailUrl":"https:\/\/transportesortega.com\/wp-content\/uploads\/2025\/03\/imagen_2023-07-21_131151645.webp","datePublished":"2022-12-03T18:07:00+00:00","dateModified":"2025-03-28T09:50:07+00:00","breadcrumb":{"@id":"https:\/\/transportesortega.com\/fr\/2022\/12\/03\/une-celebration-attendue-depuis-longtemps\/#breadcrumb"},"inLanguage":"fr-FR","potentialAction":[{"@type":"ReadAction","target":["https:\/\/transportesortega.com\/fr\/2022\/12\/03\/une-celebration-attendue-depuis-longtemps\/"]}]},{"@type":"ImageObject","inLanguage":"fr-FR","@id":"https:\/\/transportesortega.com\/fr\/2022\/12\/03\/une-celebration-attendue-depuis-longtemps\/#primaryimage","url":"https:\/\/transportesortega.com\/wp-content\/uploads\/2025\/03\/imagen_2023-07-21_131151645.webp","contentUrl":"https:\/\/transportesortega.com\/wp-content\/uploads\/2025\/03\/imagen_2023-07-21_131151645.webp","width":1040,"height":708},{"@type":"BreadcrumbList","@id":"https:\/\/transportesortega.com\/fr\/2022\/12\/03\/une-celebration-attendue-depuis-longtemps\/#breadcrumb","itemListElement":[{"@type":"ListItem","position":1,"name":"Portada","item":"https:\/\/transportesortega.com\/fr\/"},{"@type":"ListItem","position":2,"name":"Une c\u00e9l\u00e9bration attendue depuis longtemps"}]},{"@type":"WebSite","@id":"https:\/\/transportesortega.com\/fr\/#website","url":"https:\/\/transportesortega.com\/fr\/","name":"Transportes Ortega","description":"Soluciones al transporte por carretera","publisher":{"@id":"https:\/\/transportesortega.com\/fr\/#organization"},"potentialAction":[{"@type":"SearchAction","target":{"@type":"EntryPoint","urlTemplate":"https:\/\/transportesortega.com\/fr\/?s={search_term_string}"},"query-input":{"@type":"PropertyValueSpecification","valueRequired":true,"valueName":"search_term_string"}}],"inLanguage":"fr-FR"},{"@type":"Organization","@id":"https:\/\/transportesortega.com\/fr\/#organization","name":"Transportes Ortega","url":"https:\/\/transportesortega.com\/fr\/","logo":{"@type":"ImageObject","inLanguage":"fr-FR","@id":"https:\/\/transportesortega.com\/fr\/#\/schema\/logo\/image\/","url":"https:\/\/transportesortega.com\/wp-content\/uploads\/2025\/03\/ortega-logo-footer.svg","contentUrl":"https:\/\/transportesortega.com\/wp-content\/uploads\/2025\/03\/ortega-logo-footer.svg","width":1667,"height":279,"caption":"Transportes Ortega"},"image":{"@id":"https:\/\/transportesortega.com\/fr\/#\/schema\/logo\/image\/"}},{"@type":"Person","@id":"https:\/\/transportesortega.com\/fr\/#\/schema\/person\/3ac34a97a9d522af29ff42f078ce0440","name":"transportesortega","image":{"@type":"ImageObject","inLanguage":"fr-FR","@id":"https:\/\/secure.gravatar.com\/avatar\/d725e43cd527a545bd6ca2fc44a344f1ef4311460969029806b72f7a3edea7bf?s=96&d=mm&r=g","url":"https:\/\/secure.gravatar.com\/avatar\/d725e43cd527a545bd6ca2fc44a344f1ef4311460969029806b72f7a3edea7bf?s=96&d=mm&r=g","contentUrl":"https:\/\/secure.gravatar.com\/avatar\/d725e43cd527a545bd6ca2fc44a344f1ef4311460969029806b72f7a3edea7bf?s=96&d=mm&r=g","caption":"transportesortega"},"url":"https:\/\/transportesortega.com\/fr\/author\/transportesortega\/"}]}},"uagb_featured_image_src":{"full":["https:\/\/transportesortega.com\/wp-content\/uploads\/2025\/03\/imagen_2023-07-21_131151645.webp",1040,708,false],"thumbnail":["https:\/\/transportesortega.com\/wp-content\/uploads\/2025\/03\/imagen_2023-07-21_131151645-150x150.webp",150,150,true],"medium":["https:\/\/transportesortega.com\/wp-content\/uploads\/2025\/03\/imagen_2023-07-21_131151645-300x204.webp",300,204,true],"medium_large":["https:\/\/transportesortega.com\/wp-content\/uploads\/2025\/03\/imagen_2023-07-21_131151645-768x523.webp",768,523,true],"large":["https:\/\/transportesortega.com\/wp-content\/uploads\/2025\/03\/imagen_2023-07-21_131151645-1024x697.webp",1024,697,true],"1536x1536":["https:\/\/transportesortega.com\/wp-content\/uploads\/2025\/03\/imagen_2023-07-21_131151645.webp",1040,708,false],"2048x2048":["https:\/\/transportesortega.com\/wp-content\/uploads\/2025\/03\/imagen_2023-07-21_131151645.webp",1040,708,false]},"uagb_author_info":{"display_name":"transportesortega","author_link":"https:\/\/transportesortega.com\/fr\/author\/transportesortega\/"},"uagb_comment_info":0,"uagb_excerpt":"Le 65e anniversaire de Transportes Ortega a \u00e9t\u00e9 c\u00e9l\u00e9br\u00e9 le 3 d\u00e9cembre. En fait, l&rsquo;\u00e9v\u00e9nement aurait d\u00fb avoir lieu l&rsquo;ann\u00e9e [&hellip;]","_links":{"self":[{"href":"https:\/\/transportesortega.com\/fr\/wp-json\/wp\/v2\/posts\/342","targetHints":{"allow":["GET"]}}],"collection":[{"href":"https:\/\/transportesortega.com\/fr\/wp-json\/wp\/v2\/posts"}],"about":[{"href":"https:\/\/transportesortega.com\/fr\/wp-json\/wp\/v2\/types\/post"}],"author":[{"embeddable":true,"href":"https:\/\/transportesortega.com\/fr\/wp-json\/wp\/v2\/users\/3"}],"replies":[{"embeddable":true,"href":"https:\/\/transportesortega.com\/fr\/wp-json\/wp\/v2\/comments?post=342"}],"version-history":[{"count":2,"href":"https:\/\/transportesortega.com\/fr\/wp-json\/wp\/v2\/posts\/342\/revisions"}],"predecessor-version":[{"id":691,"href":"https:\/\/transportesortega.com\/fr\/wp-json\/wp\/v2\/posts\/342\/revisions\/691"}],"wp:featuredmedia":[{"embeddable":true,"href":"https:\/\/transportesortega.com\/fr\/wp-json\/wp\/v2\/media\/319"}],"wp:attachment":[{"href":"https:\/\/transportesortega.com\/fr\/wp-json\/wp\/v2\/media?parent=342"}],"wp:term":[{"taxonomy":"category","embeddable":true,"href":"https:\/\/transportesortega.com\/fr\/wp-json\/wp\/v2\/categories?post=342"},{"taxonomy":"post_tag","embeddable":true,"href":"https:\/\/transportesortega.com\/fr\/wp-json\/wp\/v2\/tags?post=342"}],"curies":[{"name":"wp","href":"https:\/\/api.w.org\/{rel}","templated":true}]}}